{"id":189,"date":"2016-05-06T06:58:30","date_gmt":"2016-05-06T04:58:30","guid":{"rendered":"http:\/\/ehrenamtliche-helfer.org\/nbh-mitglieder\/?p=189"},"modified":"2016-06-22T14:55:52","modified_gmt":"2016-06-22T12:55:52","slug":"verteilung-unser-flyer-in-der-gemeinde","status":"publish","type":"post","link":"https:\/\/ehrenamtliche-helfer.org\/nbh-mitglieder\/2016\/05\/verteilung-unser-flyer-in-der-gemeinde\/","title":{"rendered":"Verteilung unser Flyer in den Stra\u00dfen der Gemeinde"},"content":{"rendered":"<p>F\u00fcr die Verteilung unserer neuen Flyer\u00a0findet Ihr hier eine Liste der\u00a0zur Gemeinde geh\u00f6renden Orte. Wir bitten die Mitglieder,\u00a0die sich an der Verteilung der Flyer beteiligen, in einem Kommentar die Stra\u00dfenz\u00fcge anzugeben\u00a0in denen sie bereits Flyer verteilt haben. Einen Kommentar k\u00f6nnt ihr am Ende des Beitrags schreiben. Sollten in den unten angegebenen Listen Stra\u00dfennamen fehlen, bitten wir diese in einem Kommentar mitzuteilen.<\/p>\n<h4>Bierdorf<\/h4>\n<blockquote><p><strong>Sabine<\/strong> &#8211;\u00a0Unterer Forst:<\/p>\n<p><span style=\"color: #008000;\">Die\u00dfener Stra\u00dfe<\/span> &#8211;\u00a0<span style=\"color: #008000;\">Am Seeacker<\/span> &#8211;\u00a0<span style=\"color: #008000;\">Bierdorf-Holzacker<\/span> &#8211;\u00a0<span style=\"color: #008000;\">Curry Park<\/span><\/p><\/blockquote>\n<hr \/>\n<h4>Dettenhofen<\/h4>\n<blockquote><p><strong>Maria<\/strong>\u00a0&#8211;\u00a0Wengen:<\/p>\n<p>Jaudstra\u00dfe &#8211; Pessinger Stra\u00dfe &#8211;\u00a0St.-Martin-Stra\u00dfe &#8211;\u00a0Sp\u00f6rrberg &#8211;\u00a0Mainberg &#8211;\u00a0Pointlfeld &#8211;\u00a0Pitzeshofen &#8211;\u00a0Dettenhofen<\/p><\/blockquote>\n<hr \/>\n<h4>Dettenschwang<\/h4>\n<blockquote><p><strong>Maria<\/strong>\u00a0&#8211; Wengen:<\/p>\n<p>R\u00f6thelstra\u00dfe &#8211;\u00a0Alpenblickstra\u00dfe &#8211;\u00a0Birkenau &#8211;\u00a0Benedikt-Hoy-Str. &#8211;\u00a0Alpenblickstra\u00dfe &#8211;\u00a0Hobelwirtstra\u00dfe &#8211;\u00a0Heckstra\u00dfe &#8211;\u00a0Kirchgasse &#8211;\u00a0Am Kleinfeld &#8211;\u00a0Schmierstra\u00dfe &#8211;\u00a0Schulstra\u00dfe &#8211;\u00a0Achbergerstra\u00dfe &#8211;\u00a0Siedlerstra\u00dfe &#8211;\u00a0Faltlhauserstra\u00dfe &#8211;\u00a0Achbergerstra\u00dfe &#8211;\u00a0Fischbachstra\u00dfe &#8211;\u00a0Pitzenberg<\/p><\/blockquote>\n<hr \/>\n<h4>Diessen<\/h4>\n<blockquote><p><strong>Antoinette<\/strong> &#8211;\u00a0Ziegelstadel:<\/p>\n<p><span style=\"color: #008000;\">Ziegelstadel &#8211; Schatzbergstra\u00dfe &#8211;\u00a0Propst-Herkulan-Karg-Stra\u00dfe &#8211; Vogelherdstra\u00dfe &#8211; <\/span>Weilheimer Stra\u00dfe<span style=\"color: #008000;\"> &#8211; Krankenhaus Stra\u00dfe &#8211; Klosterberg<\/span><\/p><\/blockquote>\n<blockquote><p><strong>Dagmar<\/strong> &#8211; Fischermartl:<\/p>\n<p>M\u00fchlstra\u00dfe &#8211; <span style=\"color: #008000;\">Fischerei<\/span> &#8211;\u00a0<span style=\"color: #008000;\">Marienplatz<\/span>\u00a0&#8211;\u00a0<span style=\"color: #008000;\">Fischermartlstr<\/span>. &#8211; Moosstra\u00dfe<\/p><\/blockquote>\n<blockquote><p><strong>Andreas<\/strong> &#8211; Wengen:<\/p>\n<p>Wengen &#8211; Kreuzweg &#8211; F\u00fcrholz &#8211; Leonhardistra\u00dfe &#8211; Hochleite &#8211; St. Georgen<\/p><\/blockquote>\n<blockquote><p><strong>Christiane<\/strong> &#8211; Bergmillerstra\u00dfe:<\/p>\n<p><span style=\"color: #008000;\">Bergmillerstra\u00dfe &#8211; Buzallee &#8211; Fontorstra\u00dfe &#8211; Forstanger &#8211; Bannzeile &#8211; Forstwiesenweg &#8211; Neudie\u00dfen &#8211; Hofmark &#8211; Von Eichendorf Stra\u00dfe <\/span>&#8211; Iglauer Str. &#8211; Prielstr.<\/p><\/blockquote>\n<blockquote><p><strong>Sabine<\/strong> &#8211; Die\u00dfen<\/p>\n<p><span style=\"color: #008000;\">Bahnhofstr. &#8211;\u00a0Seestra\u00dfe &#8211;\u00a0Oberer-Albaner-Weg<\/span><\/p><\/blockquote>\n<p>&nbsp;<\/p>\n<blockquote><p><span style=\"color: #ff6600;\"><strong>Noch nicht zugeordnet!<\/strong><\/span><\/p>\n<p>Brunnenstra\u00dfe\u00a0&#8211;\u00a0A.- Kloester-Weg &#8211;\u00a0Reitstege\u00a0&#8211;\u00a0F\u00e4rberg\u00e4\u00dfl &#8211;\u00a0M\u00fchlstra\u00dfe &#8211;\u00a0Kahnstra\u00dfe &#8211;\u00a0Prinz-Ludwig-Str. &#8211;\u00a0Schneidergasse &#8211;\u00a0Marktplatz &#8211;\u00a0Sonnenstra\u00dfe &#8211;\u00a0Tiefenbachstr. &#8211;\u00a0E. Gabelsberger-Str. &#8211;\u00a0Johannisstra\u00dfe &#8211;\u00a0Heimgarten &#8211;\u00a0Lachener Stra\u00dfe<\/p><\/blockquote>\n<hr \/>\n<h4>Lachen &amp;\u00a0St. Alban<\/h4>\n<blockquote><p><strong>Yvonne <\/strong>&#8211;\u00a0Rossacker:<\/p>\n<p>Schaidhaufstra\u00dfe &#8211;\u00a0Lachen-Rohacker &#8211;\u00a0Kirzingerstra\u00dfe &#8211;\u00a0Lachen-Prielwiese &#8211;\u00a0Gassenacker &#8211;\u00a0Unterer-Albaner-Weg &#8211;\u00a0St.-Rasso-Weg &#8211;\u00a0Prielstra\u00dfe<\/p><\/blockquote>\n<hr \/>\n<h4>Oberm\u00fchlhausen<\/h4>\n<blockquote><p>Windachstra\u00dfe &#8211; Bergstra\u00dfe &#8211; Fuggerstra\u00dfe &#8211;\u00a0Oberm\u00fchlhausen &#8211; Kirchweg &#8211; Kronberg &#8211; M\u00fchlweg &#8211; Am M\u00fchlbach<\/p><\/blockquote>\n<hr \/>\n<h4>Riederau<\/h4>\n<blockquote><p><strong>Bea\u00a0<\/strong>&#8211;\u00a0Rogisterstra\u00dfe:<\/p>\n<p>Rogisterstra\u00dfe &#8211; Am\u00a0Steinigen Graben &#8211; Malerweg &#8211;\u00a0Auerstra\u00dfe &#8211;\u00a0Gartenstra\u00dfe<\/p><\/blockquote>\n<p>&nbsp;<\/p>\n<blockquote><p><strong>Julia<\/strong> &#8211;\u00a0Seiboldstra\u00dfe:<\/p>\n<p>Seiboldstra\u00dfe &#8211; Schulanger\u00a0&#8211; Seeweg-Nord &#8211;\u00a0Bahnhofsplatz<\/p><\/blockquote>\n<p>&nbsp;<\/p>\n<blockquote><p><strong>Sabine\u00a0<\/strong>&#8211;\u00a0Unterer\u00a0Forst:<\/p>\n<p><span style=\"color: #008000;\">H\u00fcbschenrieder<\/span> &#8211; <span style=\"color: #008000;\">Schallerin<\/span> &#8211; <span style=\"color: #008000;\">Unterer Forst<\/span> &#8211;\u00a0<span style=\"color: #008000;\">Oberer\u00a0Forst<\/span> &#8211; <span style=\"color: #008000;\">J\u00e4gerstra\u00dfe<\/span> &#8211; Kempfstra\u00dfe &#8211; <span style=\"color: #008000;\">Lang\u00e4cker<\/span> &#8211; \u00a0Fasanenstra\u00dfe &#8211; Reitenweg &#8211; <span style=\"color: #008000;\">Neuwiese<\/span><\/p><\/blockquote>\n<p>&nbsp;<\/p>\n<blockquote><p><strong>Michael\u00a0<\/strong>&#8211; Sch\u00f6nbichl:<\/p>\n<p><span style=\"color: #008000;\">Die\u00dfener Stra\u00dfe<\/span> &#8211; <span style=\"color: #008000;\">Seeweg-S\u00fcd<\/span> &#8211;\u00a0<span style=\"color: #008000;\">Curry Park<\/span> &#8211;\u00a0<span style=\"color: #008000;\">Max-K\u00f6ppen-Stra\u00dfe<\/span> &#8211; <span style=\"color: #008000;\">Sch\u00f6nbichl<\/span> &#8211;\u00a0<span style=\"color: #008000;\">Eichenweg<\/span>\u00a0&#8211; <span style=\"color: #008000;\">Buchenweg<\/span>\u00a0&#8211;\u00a0<span style=\"color: #008000;\">Ringstra\u00dfe<\/span> &#8211;\u00a0<span style=\"color: #008000;\">Parkweg<\/span> &#8211;\u00a0<span style=\"color: #008000;\">R\u00f6merweg<\/span> &#8211; <span style=\"color: #008000;\">Reithenweg<\/span> &#8211; <span style=\"color: #008000;\">Holzbauer Stra\u00dfe<\/span> &#8211;<\/p><\/blockquote>\n<hr \/>\n","protected":false},"excerpt":{"rendered":"<p>F\u00fcr die Verteilung unserer neuen Flyer\u00a0findet Ihr hier eine Liste der\u00a0zur Gemeinde geh\u00f6renden Orte. Wir bitten die Mitglieder,\u00a0die sich an [&hellip;]<\/p>\n","protected":false},"author":1,"featured_media":201,"comment_status":"open","ping_status":"closed","sticky":false,"template":"","format":"aside","meta":{"footnotes":""},"categories":[17],"tags":[12],"class_list":["post-189","post","type-post","status-publish","format-aside","has-post-thumbnail","hentry","category-vorstand","tag-flyer","post_format-post-format-aside"],"_links":{"self":[{"href":"https:\/\/ehrenamtliche-helfer.org\/nbh-mitglieder\/wp-json\/wp\/v2\/posts\/189","targetHints":{"allow":["GET"]}}],"collection":[{"href":"https:\/\/ehrenamtliche-helfer.org\/nbh-mitglieder\/wp-json\/wp\/v2\/posts"}],"about":[{"href":"https:\/\/ehrenamtliche-helfer.org\/nbh-mitglieder\/wp-json\/wp\/v2\/types\/post"}],"author":[{"embeddable":true,"href":"https:\/\/ehrenamtliche-helfer.org\/nbh-mitglieder\/wp-json\/wp\/v2\/users\/1"}],"replies":[{"embeddable":true,"href":"https:\/\/ehrenamtliche-helfer.org\/nbh-mitglieder\/wp-json\/wp\/v2\/comments?post=189"}],"version-history":[{"count":11,"href":"https:\/\/ehrenamtliche-helfer.org\/nbh-mitglieder\/wp-json\/wp\/v2\/posts\/189\/revisions"}],"predecessor-version":[{"id":335,"href":"https:\/\/ehrenamtliche-helfer.org\/nbh-mitglieder\/wp-json\/wp\/v2\/posts\/189\/revisions\/335"}],"wp:featuredmedia":[{"embeddable":true,"href":"https:\/\/ehrenamtliche-helfer.org\/nbh-mitglieder\/wp-json\/wp\/v2\/media\/201"}],"wp:attachment":[{"href":"https:\/\/ehrenamtliche-helfer.org\/nbh-mitglieder\/wp-json\/wp\/v2\/media?parent=189"}],"wp:term":[{"taxonomy":"category","embeddable":true,"href":"https:\/\/ehrenamtliche-helfer.org\/nbh-mitglieder\/wp-json\/wp\/v2\/categories?post=189"},{"taxonomy":"post_tag","embeddable":true,"href":"https:\/\/ehrenamtliche-helfer.org\/nbh-mitglieder\/wp-json\/wp\/v2\/tags?post=189"}],"curies":[{"name":"wp","href":"https:\/\/api.w.org\/{rel}","templated":true}]}}