{"id":49,"date":"2016-04-13T19:00:14","date_gmt":"2016-04-13T17:00:14","guid":{"rendered":"http:\/\/ehrenamtliche-helfer.org\/nbh-mitglieder\/?p=49"},"modified":"2016-05-09T08:51:56","modified_gmt":"2016-05-09T06:51:56","slug":"tagung","status":"publish","type":"post","link":"https:\/\/ehrenamtliche-helfer.org\/nbh-mitglieder\/2016\/04\/tagung\/","title":{"rendered":"Tagung der ehrenamtlichen Mitarbeiter"},"content":{"rendered":"<p><strong>Die\u00dfen\/AWO<\/strong>\u00a0Auf der Tagung der aktiven\u00a0Mitarbeiter\u00a0wurden Erfahrungen der letzten Monate ausgetauscht und die\u00a0\u201eneuen\u201c Helfer in der Nachbarschaftshilfe Die\u00dfen herzlich willkommen gehei\u00dfen.<\/p>\n<p>&nbsp;<\/p>\n<h5>Begr\u00fc\u00dfung und Vorstellung der neuen Mitglieder<\/h5>\n<p style=\"padding-left: 30px;\">Derzeit sind 32 aktive Helferinnen und Helfer im Einsatz. Dadurch konnten viele Auftr\u00e4ge angenommen werden. Im 1. Quartal waren es zwischen 40-45 Auftr\u00e4ge, davon haupts\u00e4chlich Fahrten, aber auch Besuchsdienste u. \u00e4.<\/p>\n<hr \/>\n<p>&nbsp;<\/p>\n<h5>Schweigepflicht<\/h5>\n<p style=\"padding-left: 30px;\">Es wurde nochmals auf unsere Schweigepflicht hingewiesen.<\/p>\n<hr \/>\n<p>&nbsp;<\/p>\n<h5>Erfahrungsberichte \/ kolleg. Austausch<\/h5>\n<h5>Offene Fragen<\/h5>\n<ol>\n<li>Vorgehen bei Sozialcard<br \/>\n&#8211; Der Verein \u00fcbernimmt die Kosten.<\/li>\n<li>Vorgehen, wenn Person k\u00f6rperlich gesund ist und theoretisch selbst t\u00e4tig werden k\u00f6nnte?<br \/>\n&#8211; Der Vorstand bespricht sich hier\u00fcber noch einmal.<\/li>\n<\/ol>\n<hr \/>\n<p>&nbsp;<\/p>\n<h5>Telefondienst<\/h5>\n<p style=\"padding-left: 30px;\">F\u00fcnf Mitglieder teilen sich derzeit den Telefondienst im 14-t\u00e4gigen Wechsel.<\/p>\n<p style=\"padding-left: 30px;\">-&gt; Christiane Haines,\u00a0Ute Bremer ,\u00a0Annemarie Apadulla,\u00a0Gudrun Wittemann,\u00a0Sabine Kr\u00e4mer<\/p>\n<hr \/>\n<p>&nbsp;<\/p>\n<h5>Idee zum Jahresbericht<\/h5>\n<p style=\"padding-left: 30px;\">Zusammenfassung des Berichtes in den Ammersee Kurier geben.<\/p>\n<hr \/>\n<p>&nbsp;<\/p>\n<h5><a href=\"http:\/\/ehrenamtliche-helfer.org\/nbh-mitglieder\/wp-content\/uploads\/sites\/4\/2016\/05\/Flyer-NHD.jpeg\" target=\"_blank\"><img loading=\"lazy\" decoding=\"async\" class=\"alignright wp-image-210 size-medium\" src=\"http:\/\/ehrenamtliche-helfer.org\/nbh-mitglieder\/wp-content\/uploads\/sites\/4\/2016\/05\/Flyer-NHD-300x212.jpeg\" alt=\"Flyer NHD\" width=\"300\" height=\"212\" srcset=\"https:\/\/ehrenamtliche-helfer.org\/nbh-mitglieder\/wp-content\/uploads\/sites\/4\/2016\/05\/Flyer-NHD-300x212.jpeg 300w, https:\/\/ehrenamtliche-helfer.org\/nbh-mitglieder\/wp-content\/uploads\/sites\/4\/2016\/05\/Flyer-NHD-768x543.jpeg 768w, https:\/\/ehrenamtliche-helfer.org\/nbh-mitglieder\/wp-content\/uploads\/sites\/4\/2016\/05\/Flyer-NHD-600x424.jpeg 600w, https:\/\/ehrenamtliche-helfer.org\/nbh-mitglieder\/wp-content\/uploads\/sites\/4\/2016\/05\/Flyer-NHD-480x339.jpeg 480w, https:\/\/ehrenamtliche-helfer.org\/nbh-mitglieder\/wp-content\/uploads\/sites\/4\/2016\/05\/Flyer-NHD-830x587.jpeg 830w, https:\/\/ehrenamtliche-helfer.org\/nbh-mitglieder\/wp-content\/uploads\/sites\/4\/2016\/05\/Flyer-NHD-230x163.jpeg 230w, https:\/\/ehrenamtliche-helfer.org\/nbh-mitglieder\/wp-content\/uploads\/sites\/4\/2016\/05\/Flyer-NHD-350x247.jpeg 350w, https:\/\/ehrenamtliche-helfer.org\/nbh-mitglieder\/wp-content\/uploads\/sites\/4\/2016\/05\/Flyer-NHD.jpeg 842w\" sizes=\"auto, (max-width: 300px) 100vw, 300px\" \/><\/a>Vorstellung des neuen Flyers:<\/h5>\n<ul>\n<li>Austausch \u00fcber Verteilungsm\u00f6glichkeiten.<\/li>\n<li>Vorstellung im F\u00e4rbergassl?<\/li>\n<\/ul>\n<hr \/>\n<p>&nbsp;<\/p>\n<h5>Weiterbildung \/ Schulung<\/h5>\n<p style=\"padding-left: 30px;\">In Utting findet dieses Jahr keine Helferkreisschulung f\u00fcr Demenzkranke statt, daf\u00fcr aber in Kaufering.<\/p>\n<p style=\"padding-left: 30px;\">Interessenten k\u00f6nnen sich an Sabine wenden.<\/p>\n<hr \/>\n<p>&nbsp;<\/p>\n<h5>Freiwilligen-Tag von <a href=\"http:\/\/www.keb-landkreis-landsberg.de\">K.E.B.\u00a0Landsberg<\/a><\/h5>\n<p style=\"padding-left: 30px;\">Findet am Samstag, den 15.10.16 im gesamten Landkreis statt.<\/p>\n<hr \/>\n<p>&nbsp;<\/p>\n<h5>Vorstellung des Projektes \u201eWohnen f\u00fcr Hilfe\u201c \u2013 Wohnpatenschaften<\/h5>\n<p style=\"padding-left: 30px;\">Der Vortrag <a href=\"http:\/\/ehrenamtliche-helfer.org\/nbh-mitglieder\/2016\/05\/vortrag-wohnen-fuer-hilfe\/\">Wohnen f\u00fcr Hilfe<\/a> findet am\u00a001.06.16 um 18.00 im Traidtkasten\u00a0statt.<\/p>\n<hr \/>\n<p>&nbsp;<\/p>\n<h5>Stammtisch f\u00fcr NBH-Helfer<\/h5>\n<p style=\"padding-left: 30px;\">Alle k\u00f6nnen noch einmal \u00fcberlegen, ob Interesse da ist.<\/p>\n<hr \/>\n<p>&nbsp;<\/p>\n<h5>Mitgliederausflug 2016<\/h5>\n<p style=\"padding-left: 30px;\">Der Tagesausflug ist f\u00fcr den Herbst geplant.<\/p>\n<hr \/>\n","protected":false},"excerpt":{"rendered":"<p>Die\u00dfen\/AWO\u00a0Auf der Tagung der aktiven\u00a0Mitarbeiter\u00a0wurden Erfahrungen der letzten Monate ausgetauscht und die\u00a0\u201eneuen\u201c Helfer in der Nachbarschaftshilfe Die\u00dfen herzlich willkommen gehei\u00dfen. [&hellip;]<\/p>\n","protected":false},"author":1,"featured_media":65,"comment_status":"open","ping_status":"closed","sticky":false,"template":"","format":"aside","meta":{"footnotes":""},"categories":[13,14],"tags":[16,15],"class_list":["post-49","post","type-post","status-publish","format-aside","has-post-thumbnail","hentry","category-mitglieder","category-tagung","tag-mitglieder","tag-tagung","post_format-post-format-aside"],"_links":{"self":[{"href":"https:\/\/ehrenamtliche-helfer.org\/nbh-mitglieder\/wp-json\/wp\/v2\/posts\/49","targetHints":{"allow":["GET"]}}],"collection":[{"href":"https:\/\/ehrenamtliche-helfer.org\/nbh-mitglieder\/wp-json\/wp\/v2\/posts"}],"about":[{"href":"https:\/\/ehrenamtliche-helfer.org\/nbh-mitglieder\/wp-json\/wp\/v2\/types\/post"}],"author":[{"embeddable":true,"href":"https:\/\/ehrenamtliche-helfer.org\/nbh-mitglieder\/wp-json\/wp\/v2\/users\/1"}],"replies":[{"embeddable":true,"href":"https:\/\/ehrenamtliche-helfer.org\/nbh-mitglieder\/wp-json\/wp\/v2\/comments?post=49"}],"version-history":[{"count":10,"href":"https:\/\/ehrenamtliche-helfer.org\/nbh-mitglieder\/wp-json\/wp\/v2\/posts\/49\/revisions"}],"predecessor-version":[{"id":241,"href":"https:\/\/ehrenamtliche-helfer.org\/nbh-mitglieder\/wp-json\/wp\/v2\/posts\/49\/revisions\/241"}],"wp:featuredmedia":[{"embeddable":true,"href":"https:\/\/ehrenamtliche-helfer.org\/nbh-mitglieder\/wp-json\/wp\/v2\/media\/65"}],"wp:attachment":[{"href":"https:\/\/ehrenamtliche-helfer.org\/nbh-mitglieder\/wp-json\/wp\/v2\/media?parent=49"}],"wp:term":[{"taxonomy":"category","embeddable":true,"href":"https:\/\/ehrenamtliche-helfer.org\/nbh-mitglieder\/wp-json\/wp\/v2\/categories?post=49"},{"taxonomy":"post_tag","embeddable":true,"href":"https:\/\/ehrenamtliche-helfer.org\/nbh-mitglieder\/wp-json\/wp\/v2\/tags?post=49"}],"curies":[{"name":"wp","href":"https:\/\/api.w.org\/{rel}","templated":true}]}}