{"id":507,"date":"2016-11-11T06:00:38","date_gmt":"2016-11-11T05:00:38","guid":{"rendered":"http:\/\/ehrenamtliche-helfer.org\/nbh-mitglieder\/?p=507"},"modified":"2016-11-15T08:29:28","modified_gmt":"2016-11-15T07:29:28","slug":"jahreshaupt-versammlung-2016","status":"publish","type":"post","link":"https:\/\/ehrenamtliche-helfer.org\/nbh-mitglieder\/2016\/11\/jahreshaupt-versammlung-2016\/","title":{"rendered":"Jahreshauptversammlung 2016"},"content":{"rendered":"<p>Liebe Mitglieder,<\/p>\n<p>ich lade Euch alle ganz herzlich zu unserer diesj\u00e4hrigen Jahreshaupt-Versammlung ein.<\/p>\n<hr \/>\n<blockquote>\n<p style=\"text-align: center;\"><strong>Donnerstag, den 17. November\u00a02016<\/strong><\/p>\n<p style=\"text-align: center;\"><strong>um 19:30\u00a0Uhr<\/strong><\/p>\n<p style=\"text-align: center;\"><strong>in der\u00a0Trattoria Al Lago in Die\u00dfen, Fischerei 43<\/strong><\/p>\n<\/blockquote>\n<hr \/>\n<p style=\"text-align: left;\">Die schriftlichen Einladungen mit den geplanten\u00a0Tagesordnungspunkten findet\u00a0ihr\u00a0n\u00e4chste\u00a0Woche in eurem Briefkasten.\u00a0Auf der Jahreshauptversammlung wird u. a. der Jahresbericht f\u00fcr das abgelaufene Gesch\u00e4ftsjahr entgegengenommen. Au\u00dferdem dient sie zur Entlastung des Vorstands und der Kassenpr\u00fcfer.<\/p>\n<p style=\"text-align: left;\">Im Anschlu\u00df an\u00a0den offiziellen Teil werden uns Jutta B\u00e4hrle und Sabine Janke-Rainer von der Fachstelle f\u00fcr pflegende Angeh\u00f6rige im Landkreis \u00fcber das neue Beratungsangebot &#8222;rund um die Pflege zu Hause&#8220; informieren.<\/p>\n<p style=\"text-align: left;\">Ich freue mich auf einen gem\u00fctlichen Abend\u00a0mit Euch!<\/p>\n<p style=\"text-align: left;\">Erg\u00e4nzende Vorschl\u00e4ge zur\u00a0Tagesordnung und eure Anmeldung,\u00a0bitte ich euch\u00a0gleich hier,\u00a0weiter unten in einem Kommentar zu hinterlassen!<\/p>\n","protected":false},"excerpt":{"rendered":"<p>Liebe Mitglieder, ich lade Euch alle ganz herzlich zu unserer diesj\u00e4hrigen Jahreshaupt-Versammlung ein. Donnerstag, den 17. November\u00a02016 um 19:30\u00a0Uhr in [&hellip;]<\/p>\n","protected":false},"author":1,"featured_media":506,"comment_status":"open","ping_status":"closed","sticky":false,"template":"","format":"aside","meta":{"footnotes":""},"categories":[10],"tags":[16,25],"class_list":["post-507","post","type-post","status-publish","format-aside","has-post-thumbnail","hentry","category-veranstaltung","tag-mitglieder","tag-veranstaltung","post_format-post-format-aside"],"_links":{"self":[{"href":"https:\/\/ehrenamtliche-helfer.org\/nbh-mitglieder\/wp-json\/wp\/v2\/posts\/507","targetHints":{"allow":["GET"]}}],"collection":[{"href":"https:\/\/ehrenamtliche-helfer.org\/nbh-mitglieder\/wp-json\/wp\/v2\/posts"}],"about":[{"href":"https:\/\/ehrenamtliche-helfer.org\/nbh-mitglieder\/wp-json\/wp\/v2\/types\/post"}],"author":[{"embeddable":true,"href":"https:\/\/ehrenamtliche-helfer.org\/nbh-mitglieder\/wp-json\/wp\/v2\/users\/1"}],"replies":[{"embeddable":true,"href":"https:\/\/ehrenamtliche-helfer.org\/nbh-mitglieder\/wp-json\/wp\/v2\/comments?post=507"}],"version-history":[{"count":9,"href":"https:\/\/ehrenamtliche-helfer.org\/nbh-mitglieder\/wp-json\/wp\/v2\/posts\/507\/revisions"}],"predecessor-version":[{"id":518,"href":"https:\/\/ehrenamtliche-helfer.org\/nbh-mitglieder\/wp-json\/wp\/v2\/posts\/507\/revisions\/518"}],"wp:featuredmedia":[{"embeddable":true,"href":"https:\/\/ehrenamtliche-helfer.org\/nbh-mitglieder\/wp-json\/wp\/v2\/media\/506"}],"wp:attachment":[{"href":"https:\/\/ehrenamtliche-helfer.org\/nbh-mitglieder\/wp-json\/wp\/v2\/media?parent=507"}],"wp:term":[{"taxonomy":"category","embeddable":true,"href":"https:\/\/ehrenamtliche-helfer.org\/nbh-mitglieder\/wp-json\/wp\/v2\/categories?post=507"},{"taxonomy":"post_tag","embeddable":true,"href":"https:\/\/ehrenamtliche-helfer.org\/nbh-mitglieder\/wp-json\/wp\/v2\/tags?post=507"}],"curies":[{"name":"wp","href":"https:\/\/api.w.org\/{rel}","templated":true}]}}