{"id":683,"date":"2017-07-25T08:14:31","date_gmt":"2017-07-25T06:14:31","guid":{"rendered":"http:\/\/ehrenamtliche-helfer.org\/nbh-mitglieder\/?p=683"},"modified":"2017-10-06T12:34:59","modified_gmt":"2017-10-06T10:34:59","slug":"jahreshaupt-versammlung-2017","status":"publish","type":"post","link":"https:\/\/ehrenamtliche-helfer.org\/nbh-mitglieder\/2017\/07\/jahreshaupt-versammlung-2017\/","title":{"rendered":"Jahreshaupt-Versammlung 2017"},"content":{"rendered":"<p>Liebe Mitglieder,<\/p>\n<p>ich lade Euch alle ganz herzlich zu unserer diesj\u00e4hrigen Jahreshaupt-Versammlung ein.<\/p>\n<hr \/>\n<blockquote><p><strong>Donnerstag, den 23. November\u00a02017<\/strong><\/p>\n<p><strong>um 19:30\u00a0Uhr<\/strong><\/p>\n<p><strong>in der Gastst\u00e4tte \u201eVeranda\u201c am MTV-Sportplatz,\u00a0Jahnstra\u00dfe 9, Die\u00dfen<\/strong><\/p><\/blockquote>\n<hr \/>\n<p>Die schriftlichen Einladungen mit den geplanten\u00a0Tagesordnungspunkten findet\u00a0ihr\u00a0demn\u00e4chst in eurem Briefkasten.\u00a0Auf der Jahreshauptversammlung wird u. a. der Jahresbericht f\u00fcr das abgelaufene Gesch\u00e4ftsjahr entgegengenommen. Au\u00dferdem dient sie zur Entlastung des Vorstands und der Kassenpr\u00fcfer.<\/p>\n<p>Ich freue mich auf einen gem\u00fctlichen Abend\u00a0mit Euch!<\/p>\n<p>Erg\u00e4nzende Vorschl\u00e4ge zur\u00a0Tagesordnung und eure Anmeldung,\u00a0bitte ich euch\u00a0gleich hier,\u00a0weiter unten in einem Kommentar zu hinterlassen!<\/p>\n","protected":false},"excerpt":{"rendered":"<p>Liebe Mitglieder, ich lade Euch alle ganz herzlich zu unserer diesj\u00e4hrigen Jahreshaupt-Versammlung ein. Donnerstag, den 23. November\u00a02017 um 19:30\u00a0Uhr in [&hellip;]<\/p>\n","protected":false},"author":1,"featured_media":506,"comment_status":"open","ping_status":"closed","sticky":false,"template":"","format":"aside","meta":{"footnotes":""},"categories":[10],"tags":[16,25],"class_list":["post-683","post","type-post","status-publish","format-aside","has-post-thumbnail","hentry","category-veranstaltung","tag-mitglieder","tag-veranstaltung","post_format-post-format-aside"],"_links":{"self":[{"href":"https:\/\/ehrenamtliche-helfer.org\/nbh-mitglieder\/wp-json\/wp\/v2\/posts\/683","targetHints":{"allow":["GET"]}}],"collection":[{"href":"https:\/\/ehrenamtliche-helfer.org\/nbh-mitglieder\/wp-json\/wp\/v2\/posts"}],"about":[{"href":"https:\/\/ehrenamtliche-helfer.org\/nbh-mitglieder\/wp-json\/wp\/v2\/types\/post"}],"author":[{"embeddable":true,"href":"https:\/\/ehrenamtliche-helfer.org\/nbh-mitglieder\/wp-json\/wp\/v2\/users\/1"}],"replies":[{"embeddable":true,"href":"https:\/\/ehrenamtliche-helfer.org\/nbh-mitglieder\/wp-json\/wp\/v2\/comments?post=683"}],"version-history":[{"count":1,"href":"https:\/\/ehrenamtliche-helfer.org\/nbh-mitglieder\/wp-json\/wp\/v2\/posts\/683\/revisions"}],"predecessor-version":[{"id":684,"href":"https:\/\/ehrenamtliche-helfer.org\/nbh-mitglieder\/wp-json\/wp\/v2\/posts\/683\/revisions\/684"}],"wp:featuredmedia":[{"embeddable":true,"href":"https:\/\/ehrenamtliche-helfer.org\/nbh-mitglieder\/wp-json\/wp\/v2\/media\/506"}],"wp:attachment":[{"href":"https:\/\/ehrenamtliche-helfer.org\/nbh-mitglieder\/wp-json\/wp\/v2\/media?parent=683"}],"wp:term":[{"taxonomy":"category","embeddable":true,"href":"https:\/\/ehrenamtliche-helfer.org\/nbh-mitglieder\/wp-json\/wp\/v2\/categories?post=683"},{"taxonomy":"post_tag","embeddable":true,"href":"https:\/\/ehrenamtliche-helfer.org\/nbh-mitglieder\/wp-json\/wp\/v2\/tags?post=683"}],"curies":[{"name":"wp","href":"https:\/\/api.w.org\/{rel}","templated":true}]}}